{"id":5736,"date":"2023-10-17T16:39:55","date_gmt":"2023-10-17T14:39:55","guid":{"rendered":"https:\/\/web.natur.cuni.cz\/ecology\/cenavj\/?p=5736"},"modified":"2025-04-08T14:07:32","modified_gmt":"2025-04-08T12:07:32","slug":"cena-vj-2022","status":"publish","type":"post","link":"https:\/\/web.natur.cuni.cz\/ecology\/cenavj\/cena-vj-2022\/","title":{"rendered":"Cena Vojt\u011bcha Jaro\u0161\u00edka za rok 2022"},"content":{"rendered":"\n<p>Do dev\u00e1t\u00e9ho ro\u010dn\u00edk Ceny Vojt\u011bcha Jaro\u0161\u00edka p\u0159ihl\u00e1sili jejich auto\u0159i celkem 11 prac\u00ed, kter\u00e9 byly publikov\u00e1ny v roce 2022. Oproti p\u0159edchoz\u00edm t\u0159em ro\u010dn\u00edk\u016fm, kdy se po\u010dty hodnocen\u00fdch prac\u00ed pohybovaly mezi sedmn\u00e1cti a dvaceti, se jednalo o kvantitativn\u00ed pokles, o kvalitn\u00ed studentsk\u00e9 publikace vy\u0161l\u00e9 v&nbsp;renomovan\u00fdch recenzovan\u00fdch \u010dasopisech v\u0161ak nebyla ani v&nbsp;lo\u0148sk\u00e9m roce nouze.<\/p>\n\n\n\n<figure class=\"wp-block-image size-large\"><img loading=\"lazy\" decoding=\"async\" width=\"1024\" height=\"681\" src=\"https:\/\/web.natur.cuni.cz\/ecology\/cenavj\/wp-content\/uploads\/2023\/10\/1-s2.0-S0048969722004697-gr2_lrg-1024x681.jpg\" alt=\"\" class=\"wp-image-5737\" srcset=\"https:\/\/web.natur.cuni.cz\/ecology\/cenavj\/wp-content\/uploads\/2023\/10\/1-s2.0-S0048969722004697-gr2_lrg-1024x681.jpg 1024w, https:\/\/web.natur.cuni.cz\/ecology\/cenavj\/wp-content\/uploads\/2023\/10\/1-s2.0-S0048969722004697-gr2_lrg-300x199.jpg 300w, https:\/\/web.natur.cuni.cz\/ecology\/cenavj\/wp-content\/uploads\/2023\/10\/1-s2.0-S0048969722004697-gr2_lrg-768x511.jpg 768w, https:\/\/web.natur.cuni.cz\/ecology\/cenavj\/wp-content\/uploads\/2023\/10\/1-s2.0-S0048969722004697-gr2_lrg-1536x1021.jpg 1536w, https:\/\/web.natur.cuni.cz\/ecology\/cenavj\/wp-content\/uploads\/2023\/10\/1-s2.0-S0048969722004697-gr2_lrg.jpg 1719w\" sizes=\"(max-width: 1024px) 100vw, 1024px\" \/><\/figure>\n\n\n\n<p>Prvn\u00ed auto\u0159i \u010di autorky (kter\u00fdch byly tentokr\u00e1t mezi p\u0159ihl\u00e1\u0161en\u00fdmi dv\u011b t\u0159etiny) p\u0159ihl\u00e1\u0161en\u00fdch publikac\u00ed byli z&nbsp;celkem \u010dty\u0159 vysok\u00fdch \u0161kol. \u010cty\u0159i pr\u00e1ce poch\u00e1zely z Univerzity Karlovy, po t\u0159ech bylo z&nbsp;Masarykovy a Jiho\u010desk\u00e9 univerzity a jedna pr\u00e1ce byla od doktoranda \u010cesk\u00e9 zem\u011bd\u011blsk\u00e9 univerzity. Jako obvykle se \u010dasto jednalo o v\u00fdsledky, kter\u00e9 vznikly pod spole\u010dnou afiliac\u00ed vysok\u00e9 \u0161koly a n\u011bkter\u00e9ho z&nbsp;\u00fastav\u016f Akademie v\u011bd \u2013 v&nbsp;tomto ro\u010dn\u00edku sout\u011b\u017ee tomu bylo t\u00e9m\u011b\u0159 v&nbsp;polovin\u011b p\u0159\u00edpad\u016f.<\/p>\n\n\n\n<p>A\u010dkoli bylo p\u0159ihl\u00e1\u0161en\u00fdch prac\u00ed tentokr\u00e1t m\u00e9n\u011b, hodnotitel\u00e9 z&nbsp;\u0159ad z\u00e1stupc\u016f \u010cesk\u00e9 spole\u010dnosti pro ekologii a katedry ekologie P\u0159F UK m\u011bli i tak \u00fakol nelehk\u00fd: zvolit, kter\u00e9 t\u0159i pr\u00e1ce si z&nbsp;jejich pohledu zaslou\u017e\u00ed ocen\u011bn\u00ed nejv\u00edce. O tom, \u017ee p\u0159ev\u00e1\u017en\u00e1 v\u011bt\u0161ina publikac\u00ed dosahovala solidn\u00edch standard\u016f sv\u011bd\u010d\u00ed i to, \u017ee dev\u011bt z&nbsp;jeden\u00e1cti se dostalo do u\u017e\u0161\u00edho v\u00fdb\u011bru alespo\u0148 jednoho z&nbsp;hodnotitel\u016f a \u017ee o po\u0159ad\u00ed na p\u0159edn\u00edch m\u00edstech nakonec rozhodlo a\u017e hodnocen\u00ed posledn\u00ed.<\/p>\n\n\n\n<p>Na v\u00edt\u011bzn\u00e9m prvn\u00edm m\u00edst\u011b se nakonec um\u00edstila bryologick\u00e1 studie&nbsp;<strong>Mat\u011bje Mana<\/strong>&nbsp;z katedry botaniky P\u0159\u00edrodov\u011bdeck\u00e9 fakulty Univerzity Karlovy a Botanick\u00e9ho \u00fastavu AV \u010cR&nbsp;\u201e<em>Can high-resolution topography and forest canopy structure substitute microclimate measurements? Bryophytes say no.<\/em>\u201c publikovan\u00e1 v \u010dasopise&nbsp;<em>Science of the Total Environment.<\/em><\/p>\n\n\n\n<p>Na sd\u00edlen\u00e9m druh\u00e9m a\u017e t\u0159et\u00edm m\u00edst\u011b se pak se\u0161ly dv\u011b publikace. Jednou byla takt\u00e9\u017e zejm\u00e9na bryologicky orientovan\u00e1 pr\u00e1ce&nbsp;<strong>Patr\u00edcie Singh<\/strong>&nbsp;z&nbsp;\u00dastavu botaniky a zoologie Masarykovy univerzity \u201e<em>Can&nbsp;<\/em>Sphagnum<em>&nbsp;removal reverse the undesired succession of rich fens under different alkalinity and fertility levels<\/em>?\u201d z&nbsp;\u010dasopisu&nbsp;<em>Ecological Applications<\/em>, druhou pak pr\u00e1ce&nbsp;<strong>Pavla Karla Byst\u0159ick\u00e9ho<\/strong>&nbsp;z&nbsp;katedry ekologie P\u0159F UK zam\u011b\u0159en\u00e1 na drobn\u00e9 bentick\u00e9 kor\u00fd\u0161e, je\u017e pod n\u00e1zvem \u201e<em>Distribution patterns at different spatial scales reveal reproductive isolation and frequent syntopy among divergent lineages of an amphipod species complex in the Western Carpathian streams<\/em>\u201c&nbsp;vy\u0161la v&nbsp;\u010dasopise&nbsp;<em>Limnology and Oceanography<\/em>.<\/p>\n\n\n\n<p>Jak ji\u017e je tradic\u00ed, auto\u0159i v\u00fd\u0161e uveden\u00fdch&nbsp;t\u0159ech nejl\u00e9pe hodnocen\u00fdch prac\u00ed budou pozv\u00e1ni, aby sv\u00e9 v\u00fdsledky p\u0159ednesli na p\u0159\u00ed\u0161t\u00ed konferenci \u010cesk\u00e9 spole\u010dnosti pro ekologii.&nbsp;<\/p>\n\n\n\n<p>Do jubilejn\u00edho 10. ro\u010dn\u00edho Ceny Vojt\u011bch Jaro\u0161\u00edka bude mo\u017eno prvoautorsk\u00e9 pr\u00e1ce student\u016f a \u010derstv\u00fdch absolvent\u016f publikovan\u00e9 ve fin\u00e1ln\u00ed podob\u011b v&nbsp;r. 2023 nominovat do dubna p\u0159\u00ed\u0161t\u00edho roku.<\/p>\n\n\n\n<p><strong>Nejl\u00e9pe hodnocen\u00e9 publikace nominovan\u00e9&nbsp;na Cenu Vojt\u011bcha Jaro\u0161\u00edka za r. 2022<\/strong><\/p>\n\n\n\n<p><strong>1.&nbsp;&nbsp;&nbsp;&nbsp;&nbsp;&nbsp;&nbsp;&nbsp;&nbsp;<\/strong><strong>Man M.<\/strong>, Wild J., Macek M., Kopeck\u00fd M. (2022): Can high-resolution topography and forest canopy structure substitute microclimate measurements? Bryophytes say no.&nbsp;<em>Science of the Total Environment<\/em>&nbsp;821: 153377. doi: 10.1016\/j.scitotenv.2022.153377<\/p>\n\n\n\n<p><strong>2. \u2013 3&nbsp;&nbsp;&nbsp;&nbsp;<\/strong><strong>Singh P.<\/strong>, H\u00e1jkov\u00e1 P., Jirou\u0161ek M., Lizo\u0148ov\u00e1 Z., Peterka T., Pleskov\u00e1 Z., \u0160\u00edmov\u00e1 A., \u0160merdov\u00e1 E., \u0160techov\u00e1 T., H\u00e1jek M. (2022): Can&nbsp;<em>Sphagnum<\/em>&nbsp;removal reverse the undesired succession of rich fens under different alkalinity and fertility levels?&nbsp;<em>Ecological Applications<\/em>&nbsp;32: e2691. doi: 10.1002\/eap.2691<\/p>\n\n\n\n<p><strong>2. \u2013 3&nbsp;&nbsp;&nbsp;&nbsp;<\/strong><strong>Byst\u0159ick\u00fd P.K.<\/strong>, Rutov\u00e1 T., Bro\u017e V., Gajdo\u0161ov\u00e1 M., Jura\u010dka P.J., Copila\u015f-Ciocianu D., Petrusek A. (2022): Distribution patterns at different spatial scales reveal reproductive isolation and frequent syntopy among divergent lineages of an amphipod species complex in the Western Carpathian streams.&nbsp;<em>Limnology and Oceanography<\/em>&nbsp;67: 2796\u20132808. doi: 10.1002\/lno.12239<\/p>\n\n\n\n<p><strong>ostatn\u00ed p\u0159ihl\u00e1\u0161en\u00e9 pr\u00e1ce&nbsp;<\/strong>(se\u0159azen\u00e9 abecedn\u011b dle autor\u016f)<strong>:<\/strong><\/p>\n\n\n\n<p><strong>Akmal S.<\/strong>, Yonvitner, Jerikho R., Yulianda F., Wardiatno Y., Nov\u00e1k J., Kalous L., Slav\u00edk O., Patoka J. (2022): Culture, trade and establishment of Polypterus senegalus in Indonesia with first record of wild populations.&nbsp;<em>Aquaculture Environment Interactions<\/em>&nbsp;14: 127\u2013133. doi: 10.3354\/aei00433<\/p>\n\n\n\n<p><strong>Barto\u0148 D.<\/strong>, Brabec M., Sajdlov\u00e1 Z., Souza A.T., Duras J., Kortan D., Blabolil P., Vej\u0159\u00edk L., Kube\u010dka J., \u0160mejkal M. (2022): Hydropeaking causes spatial shifts in a reproducing rheophilic fish.&nbsp;<em>Science of the Total Environment<\/em>&nbsp;806: 150649. doi: 10.1016\/j.scitotenv.2021.150649<\/p>\n\n\n\n<p><strong>Dvo\u0159\u00e1kov\u00e1 L.<\/strong>, Kuczynski L., Rivas-Salvador J., Reif J. (2022): Habitat characteristics supporting bird species richness in mid-field woodlots.&nbsp;<em>Frontiers in Environmental Science<\/em>&nbsp;10: 816255. doi: 10.3389\/fenvs.2022.816255<\/p>\n\n\n\n<p><strong>Kajgrov\u00e1 L.<\/strong>, Blabolil P., Drozd B., Roy K., Regenda J., \u0160orf M., Vrba J. (2022): Negative effects of undesirable fish on common carp production and overall structure and functioning of fishpond ecosystems.&nbsp;<em>Aquaculture<\/em>&nbsp;549: 737811. doi: 10.1016\/j.aquaculture.2021.737811<\/p>\n\n\n\n<p><strong>Konopick\u00e1 J.<\/strong>, Bohat\u00e1 A., Palevsky E., Nermu\u0165 J., P\u016f\u017ea V., Zemek R. (2022): Survey of entomopathogenic and mycoparasitic fungi in the soil of onion and garlic fields in the Czech Republic and Israel.&nbsp;<em>Journal of Plant Diseases and Protection<\/em>&nbsp;129: 271-281. doi: 10.1007\/s41348-021-00557-5<\/p>\n\n\n\n<p><strong>Mason B.<\/strong>, Petrzelkova K.J., Kreisinger J., Bohm T., Cervena B., Fairet E., Fuh T., Gomez A., Knauf S., Maloueki U., Modry D., Shirley M.H., Tagg N., Wangue N., Pafco B. (2022): Gastrointestinal symbiont diversity in wild gorilla: a comparison of bacterial and strongylid communities across multiple localities.&nbsp;<em>Molecular Ecology<\/em>&nbsp;31: 4127-4145. DOI: 10.1111\/mec.16558<\/p>\n\n\n\n<p><strong>Sammarco I.<\/strong>, M\u00fcnzbergov\u00e1 Z., Latzel V. (2022): DNA methylation can mediate local adaptation and response to climate change in the clonal plant&nbsp;<em>Fragaria vesca<\/em>: Evidence from a European-scale reciprocal transplant experiment.&nbsp;<em>Frontiers in Plant Science<\/em>&nbsp;13: 435. doi: 10.3389\/fpls.2022.827166<\/p>\n\n\n\n<p><strong>Sychrov\u00e1 M.<\/strong>, Div\u00ed\u0161ek J., Chytr\u00fd M., Py\u0161ek P. (2022): Niche and geographical expansions of North American treees and tall shrubs in Europe.&nbsp;<em>Journal of Biogeography<\/em>&nbsp;49: 1151-1161. doi: 10.1111\/jbi.14377<\/p>\n","protected":false},"excerpt":{"rendered":"<p>Do dev\u00e1t\u00e9ho ro\u010dn\u00edk Ceny Vojt\u011bcha Jaro\u0161\u00edka p\u0159ihl\u00e1sili jejich auto\u0159i celkem 11 prac\u00ed, kter\u00e9 byly publikov\u00e1ny v roce 2022. Oproti p\u0159edchoz\u00edm t\u0159em ro\u010dn\u00edk\u016fm, kdy se po\u010dty hodnocen\u00fdch prac\u00ed pohybovaly mezi sedmn\u00e1cti a dvaceti, se jednalo o kvantitativn\u00ed pokles, o kvalitn\u00ed studentsk\u00e9 publikace vy\u0161l\u00e9 v&nbsp;renomovan\u00fdch recenzovan\u00fdch \u010dasopisech v\u0161ak nebyla ani v&nbsp;lo\u0148sk\u00e9m roce nouze. Prvn\u00ed auto\u0159i \u010di autorky [&hellip;]<\/p>\n","protected":false},"author":1,"featured_media":5737,"comment_status":"open","ping_status":"open","sticky":false,"template":"","format":"standard","meta":{"_uag_custom_page_level_css":"","footnotes":""},"categories":[1],"tags":[],"class_list":["post-5736","post","type-post","status-publish","format-standard","has-post-thumbnail","hentry","category-nezarazene"],"uagb_featured_image_src":{"full":["https:\/\/web.natur.cuni.cz\/ecology\/cenavj\/wp-content\/uploads\/2023\/10\/1-s2.0-S0048969722004697-gr2_lrg.jpg",1719,1143,false],"thumbnail":["https:\/\/web.natur.cuni.cz\/ecology\/cenavj\/wp-content\/uploads\/2023\/10\/1-s2.0-S0048969722004697-gr2_lrg-150x150.jpg",150,150,true],"medium":["https:\/\/web.natur.cuni.cz\/ecology\/cenavj\/wp-content\/uploads\/2023\/10\/1-s2.0-S0048969722004697-gr2_lrg-300x199.jpg",300,199,true],"medium_large":["https:\/\/web.natur.cuni.cz\/ecology\/cenavj\/wp-content\/uploads\/2023\/10\/1-s2.0-S0048969722004697-gr2_lrg-768x511.jpg",640,426,true],"large":["https:\/\/web.natur.cuni.cz\/ecology\/cenavj\/wp-content\/uploads\/2023\/10\/1-s2.0-S0048969722004697-gr2_lrg-1024x681.jpg",640,426,true],"1536x1536":["https:\/\/web.natur.cuni.cz\/ecology\/cenavj\/wp-content\/uploads\/2023\/10\/1-s2.0-S0048969722004697-gr2_lrg-1536x1021.jpg",1536,1021,true],"2048x2048":["https:\/\/web.natur.cuni.cz\/ecology\/cenavj\/wp-content\/uploads\/2023\/10\/1-s2.0-S0048969722004697-gr2_lrg.jpg",1719,1143,false]},"uagb_author_info":{"display_name":"administrator","author_link":"https:\/\/web.natur.cuni.cz\/ecology\/cenavj\/author\/administrator\/"},"uagb_comment_info":0,"uagb_excerpt":"Do dev\u00e1t\u00e9ho ro\u010dn\u00edk Ceny Vojt\u011bcha Jaro\u0161\u00edka p\u0159ihl\u00e1sili jejich auto\u0159i celkem 11 prac\u00ed, kter\u00e9 byly publikov\u00e1ny v roce 2022. Oproti p\u0159edchoz\u00edm t\u0159em ro\u010dn\u00edk\u016fm, kdy se po\u010dty hodnocen\u00fdch prac\u00ed pohybovaly mezi sedmn\u00e1cti a dvaceti, se jednalo o kvantitativn\u00ed pokles, o kvalitn\u00ed studentsk\u00e9 publikace vy\u0161l\u00e9 v&nbsp;renomovan\u00fdch recenzovan\u00fdch \u010dasopisech v\u0161ak nebyla ani v&nbsp;lo\u0148sk\u00e9m roce nouze. Prvn\u00ed auto\u0159i \u010di autorky&hellip;","_links":{"self":[{"href":"https:\/\/web.natur.cuni.cz\/ecology\/cenavj\/wp-json\/wp\/v2\/posts\/5736"}],"collection":[{"href":"https:\/\/web.natur.cuni.cz\/ecology\/cenavj\/wp-json\/wp\/v2\/posts"}],"about":[{"href":"https:\/\/web.natur.cuni.cz\/ecology\/cenavj\/wp-json\/wp\/v2\/types\/post"}],"author":[{"embeddable":true,"href":"https:\/\/web.natur.cuni.cz\/ecology\/cenavj\/wp-json\/wp\/v2\/users\/1"}],"replies":[{"embeddable":true,"href":"https:\/\/web.natur.cuni.cz\/ecology\/cenavj\/wp-json\/wp\/v2\/comments?post=5736"}],"version-history":[{"count":2,"href":"https:\/\/web.natur.cuni.cz\/ecology\/cenavj\/wp-json\/wp\/v2\/posts\/5736\/revisions"}],"predecessor-version":[{"id":5739,"href":"https:\/\/web.natur.cuni.cz\/ecology\/cenavj\/wp-json\/wp\/v2\/posts\/5736\/revisions\/5739"}],"wp:featuredmedia":[{"embeddable":true,"href":"https:\/\/web.natur.cuni.cz\/ecology\/cenavj\/wp-json\/wp\/v2\/media\/5737"}],"wp:attachment":[{"href":"https:\/\/web.natur.cuni.cz\/ecology\/cenavj\/wp-json\/wp\/v2\/media?parent=5736"}],"wp:term":[{"taxonomy":"category","embeddable":true,"href":"https:\/\/web.natur.cuni.cz\/ecology\/cenavj\/wp-json\/wp\/v2\/categories?post=5736"},{"taxonomy":"post_tag","embeddable":true,"href":"https:\/\/web.natur.cuni.cz\/ecology\/cenavj\/wp-json\/wp\/v2\/tags?post=5736"}],"curies":[{"name":"wp","href":"https:\/\/api.w.org\/{rel}","templated":true}]}}