{"id":5780,"date":"2024-12-02T09:00:00","date_gmt":"2024-12-02T08:00:00","guid":{"rendered":"https:\/\/web.natur.cuni.cz\/ecology\/cenavj\/?p=5780"},"modified":"2025-05-31T09:04:44","modified_gmt":"2025-05-31T07:04:44","slug":"cena-vj-2023","status":"publish","type":"post","link":"https:\/\/web.natur.cuni.cz\/ecology\/cenavj\/cena-vj-2023\/","title":{"rendered":"Cena Vojt\u011bcha Jaro\u0161\u00edka za rok 2023"},"content":{"rendered":"\n<p>Do jubilejn\u00edho des\u00e1t\u00e9ho ro\u010dn\u00edku Ceny Vojt\u011bcha Jaro\u0161\u00edka p\u0159ihl\u00e1sili studenti a studentky (nebo \u010derstv\u00ed absolventi) \u010desk\u00fdch a moravsk\u00fdch univerzit celkem 11 prac\u00ed, kter\u00e9 byly publikov\u00e1ny ve fin\u00e1ln\u00ed podob\u011b v roce 2023. Po\u010det p\u0159ihl\u00e1\u0161en\u00fdch prac\u00ed byl stejn\u00fd jako za&nbsp;rok 2022, stagnoval tedy na ni\u017e\u0161\u00ed hodnot\u011b oproti p\u0159edchoz\u00edm ro\u010dn\u00edk\u016fm. V&nbsp;sout\u011b\u017ei ale nejde o velikost pelotonu, ale o kvalitu t\u011bch nejlep\u0161\u00edch publikac\u00ed \u2013 a ty byly ji\u017e tradi\u010dn\u011b skv\u011bl\u00e9.<\/p>\n\n\n\n<p>Souhrnn\u00e9 \u00fadaje o p\u0159ihl\u00e1\u0161en\u00fdch prac\u00edch v&nbsp;tomto ro\u010dn\u00edku p\u0159inesly n\u011bkolik zaj\u00edmavost\u00ed. P\u0159es lich\u00fd po\u010det prac\u00ed jsme m\u011bli dokonalou genderovou paritu \u2013 p\u011bt prac\u00ed m\u011blo na prvn\u00edm m\u00edst\u011b autorsk\u00e9ho t\u00fdmu studentku, p\u011bt studenta, a u posledn\u00ed pr\u00e1ce studentka a student prvn\u00ed autorstv\u00ed form\u00e1ln\u011b sd\u00edleli. Reprezentov\u00e1no bylo p\u011bt vysok\u00fdch \u0161kol, po\u010detn\u011b p\u0159itom dominovaly pr\u00e1ce z Prahy. \u010cty\u0159i pr\u00e1ce poch\u00e1zely z&nbsp;Univerzity Karlovy, t\u0159i z&nbsp;\u010cesk\u00e9 zem\u011bd\u011blsk\u00e9 univerzity, dv\u011b z&nbsp;Jiho\u010desk\u00e9 univerzity a po jedn\u00e9 byly zastoupeny dv\u011b brn\u011bnsk\u00e9 univerzity \u2013 Masarykova a Mendelova. U p\u011bti p\u0159ihl\u00e1\u0161en\u00fdch prac\u00ed m\u011bli student\u0161t\u00ed auto\u0159i sd\u00edlen\u00e9 afiliace \u2013 tentokr\u00e1t nejen s&nbsp;Akademi\u00ed v\u011bd \u010cesk\u00e9 republiky, ale tak\u00e9 s&nbsp;Yale University nebo Smithsonian Tropical Research Institute.<\/p>\n\n\n\n<p>Dvan\u00e1ct hodnotitel\u016f p\u0159ihl\u00e1\u0161en\u00fdch prac\u00ed v&nbsp;ji\u017e tradi\u010dn\u011b n\u00e1ro\u010dn\u00e9m \u00fakolu nakonec vybralo po t\u0159ech sv\u00fdch favoritech, co\u017e umo\u017enilo vybrat ty publikace, je\u017e dos\u00e1hly na stupn\u011b v\u00edt\u011bz\u016f. Oborov\u011b byly tyto studie rozkro\u010den\u00e9, reprezentov\u00e1na byla t\u00e9mata botanick\u00e1, zoologick\u00e1 a paleolimnologick\u00e1.<\/p>\n\n\n\n<p>Na prvn\u00edm m\u00edst\u011b se um\u00edstila studie <strong>Ale\u0161e Lisnera <\/strong>z katedry botaniky P\u0159\u00edrodov\u011bdeck\u00e9 fakulty Jiho\u010desk\u00e9 univerzity v \u010cesk\u00fdch Bud\u011bjovic\u00edch \u201e<em>Community biomass is driven by dominants and their characteristics\u2013The insight from a field biodiversity experiment with realistic species loss scenario.<\/em>\u201c publikovan\u00e1 v&nbsp;presti\u017en\u00edm \u010dasopise zam\u011b\u0159en\u00e9m v\u00fdhradn\u011b na rostlinnou ekologii <em>Journal of Ecology.<\/em><\/p>\n\n\n\n<figure class=\"wp-block-image size-full is-resized\"><img loading=\"lazy\" decoding=\"async\" width=\"661\" height=\"577\" src=\"http:\/\/web.natur.cuni.cz\/ecology\/cenavj\/wp-content\/uploads\/2024\/12\/jec14029-toc-0001-m.jpg\" alt=\"\" class=\"wp-image-5776\" style=\"width:464px;height:auto\" srcset=\"https:\/\/web.natur.cuni.cz\/ecology\/cenavj\/wp-content\/uploads\/2024\/12\/jec14029-toc-0001-m.jpg 661w, https:\/\/web.natur.cuni.cz\/ecology\/cenavj\/wp-content\/uploads\/2024\/12\/jec14029-toc-0001-m-300x262.jpg 300w\" sizes=\"(max-width: 661px) 100vw, 661px\" \/><\/figure>\n\n\n\n<p>Na sd\u00edlen\u00e9m druh\u00e9m a\u017e t\u0159et\u00edm m\u00edst\u011b se pak se\u0161ly dv\u011b publikace se stejn\u00fdm po\u010dtem hlas\u016f. Jednou byla ornitologicky orientovan\u00e1 pr\u00e1ce s&nbsp;v\u00fdrazn\u00fdm metodologick\u00fdm p\u0159esahem od <strong>Vojt\u011bcha Brl\u00edka <\/strong>z&nbsp;katedry ekologie P\u0159\u00edrodov\u011bdeck\u00e9 fakulty Univerzity Karlovy a \u00dastavu biologie obratlovc\u016f AV \u010cR \u201e<em>Animal tracing with sulfur isotopes: Spatial segregation and climate variability in Africa likely contribute to population trends of a migratory songbird<\/em>\u201d z&nbsp;takt\u00e9\u017e presti\u017en\u00edho, ale na \u017eivo\u010dichy orientovan\u00e9ho \u010dasopisu <em>Journal of Animal Ecology<\/em>. Druhou byla pr\u00e1ce <strong>Anny Tich\u00e9<\/strong> z&nbsp;katedry botaniky P\u0159F UK zam\u011b\u0159en\u00e1 na dlouhodob\u00fd v\u00fdvoj charakteru vody v&nbsp;Pr\u00e1\u0161ilsk\u00e9m jeze\u0159e p\u0159es cel\u00fd holoc\u00e9n, kter\u00e1 pod n\u00e1zvem \u201e<em>Climate-related soil saturation and peatland development may have conditioned surface water brownification at a central European lake for millenia<\/em>\u201c vy\u0161la v&nbsp;\u010dasopise <em>Science of the Total Environment<\/em>.<\/p>\n\n\n\n<figure class=\"wp-block-image size-full is-resized\"><img loading=\"lazy\" decoding=\"async\" width=\"921\" height=\"523\" src=\"http:\/\/web.natur.cuni.cz\/ecology\/cenavj\/wp-content\/uploads\/2024\/12\/jane13848-toc-0001-m.jpg\" alt=\"\" class=\"wp-image-5777\" style=\"width:396px;height:auto\" srcset=\"https:\/\/web.natur.cuni.cz\/ecology\/cenavj\/wp-content\/uploads\/2024\/12\/jane13848-toc-0001-m.jpg 921w, https:\/\/web.natur.cuni.cz\/ecology\/cenavj\/wp-content\/uploads\/2024\/12\/jane13848-toc-0001-m-300x170.jpg 300w, https:\/\/web.natur.cuni.cz\/ecology\/cenavj\/wp-content\/uploads\/2024\/12\/jane13848-toc-0001-m-768x436.jpg 768w\" sizes=\"(max-width: 921px) 100vw, 921px\" \/><\/figure>\n\n\n\n<p>Auto\u0159i t\u011bchto t\u0159ech nejl\u00e9pe hodnocen\u00fdch prac\u00ed p\u0159ednesli sv\u00e9 v\u00fdsledky na konferenci \u010cesk\u00e9 spole\u010dnosti pro ekologii, kter\u00e1 se konala v&nbsp;z\u00e1\u0159\u00ed 2024 v&nbsp;\u010cesk\u00fdch Bud\u011bjovic\u00edch.<\/p>\n\n\n\n<p>Do 11. ro\u010dn\u00edku Ceny Vojt\u011bch Jaro\u0161\u00edka bude mo\u017eno prvoautorsk\u00e9 pr\u00e1ce student\u016f a \u010derstv\u00fdch absolvent\u016f publikovan\u00e9 ve v&nbsp;roce 2024. T\u011b\u0161\u00edme se na jejich p\u0159\u00edsp\u011bvky.<\/p>\n\n\n\n<div class=\"wp-block-uagb-separator uagb-block-993b9b91\"><div class=\"wp-block-uagb-separator__inner\" style=\"--my-background-image:\"><\/div><\/div>\n\n\n\n<p><strong>Nejl\u00e9pe hodnocen\u00e9 publikace nominovan\u00e9 na Cenu Vojt\u011bcha Jaro\u0161\u00edka za r. 2023<\/strong><\/p>\n\n\n\n<p><strong>1. &nbsp;&nbsp;&nbsp;&nbsp;&nbsp;&nbsp;&nbsp;&nbsp;&nbsp;&nbsp; <\/strong><strong>Lisner A.<\/strong>, Kone\u010dn\u00e1, M., Bla\u017eek, P. &amp; Lep\u0161 J. (2023): Community biomass is driven by dominants and their characteristics\u2013The insight from a field biodiversity experiment with realistic species loss scenario. <em>Journal of Ecology<\/em>, 111: 240-250. doi: 10.1111\/1365-2745.14029<\/p>\n\n\n\n<p><strong>2. \u2013 3. \u00a0\u00a0\u00a0 <\/strong><strong>Brl\u00edk V.<\/strong>, Proch\u00e1zka P., Hansson B., Stricker C.A., Yohannes E., Powell R.L., Wunder M.B. (2023): Animal tracing with sulfur isotopes: Spatial segregation and climate variability in Africa likely contribute to population trends of a migratory songbird. <em>Journal of Animal Ecology<\/em>, 92, 1320\u20131331. doi: 10.1111\/1365-2656.13848<\/p>\n\n\n\n<p><strong>2. \u2013 3. \u00a0\u00a0\u00a0 <\/strong><strong>Tich\u00e1 A.<\/strong>, Vondr\u00e1k D., Moravcov\u00e1 A., Chiverrell R. &amp; Kune\u0161 P. (2023): Climate-related soil saturation and peatland development may have conditioned surface water brownification at a central European lake for millenia. <em>Science of the Total Environment<\/em>, 858: 159982. doi: 10.1016\/j.scitotenv.2022.159982<\/p>\n\n\n\n<div class=\"wp-block-uagb-separator uagb-block-1282a893\"><div class=\"wp-block-uagb-separator__inner\" style=\"--my-background-image:\"><\/div><\/div>\n\n\n\n<p><strong>Ostatn\u00ed p\u0159ihl\u00e1\u0161en\u00e9 pr\u00e1ce <\/strong>(se\u0159azen\u00e9 abecedn\u011b dle autor\u016f)<strong>:<\/strong><\/p>\n\n\n\n<p><strong>Bhatta S<\/strong>., Shrestha B.B., Py\u0161ek P. (2023): Invasive alien plants in South Asia: Impacts and management. <em>NeoBiota,<\/em> 88: 135\u2013167. doi: 10.3897\/neobiota.88.104118<\/p>\n\n\n\n<p><strong>Celina S.S.<\/strong>, \u010cern\u00fd J., Samy A.M. (2023): Mapping the potential distribution of the principal vector of Crimean-Congo haemorrhagic fever virus <em>Hyalomma marginatum<\/em> in the Old World. <em>PloS Neglected Tropical Diseases<\/em>, 17: e0010855. doi: 10.1371\/journal.pntd.0010855<\/p>\n\n\n\n<p><strong>Coufal R.<\/strong>, H\u00e1jkov\u00e1 P., H\u00e1jek M., Jirou\u0161ek M., Pol\u00e1\u0161ek M., Hors\u00e1kov\u00e1 V. &amp; Hors\u00e1k, M. (2023). Compositional variation of endangered spring fen biota reflects within-site variation in soil temperature. <em>Plant and Soil<\/em>, 485: 439\u2013455. doi: 10.1007\/s11104-022-05841-3<\/p>\n\n\n\n<p><strong>G\u00e1bor L.<\/strong>, Jetz W., Zarzo\u2010Arias A., Winner K., Yanco S., Pinkert S., &#8230; &amp; Moudr\u00fd V. (2023). Species distribution models affected by positional uncertainty in species occurrences can still be ecologically interpretable. <em>Ecography<\/em>, 2023(6): e06358. doi: 10.1111\/ecog.06358<\/p>\n\n\n\n<p><strong>Kandel G.P.<\/strong>, Bavorova M., Ullah A., Kaechele H., Pradhan P. (2023): Building resilience to climate change: examining the impact of agro\u2010ecological zones and social groups on sustainable development. <em>Sustainable Development<\/em>, 31: 3796-3810. doi: 10.1002\/sd.2626<\/p>\n\n\n\n<p><strong>Laird\u2010Hopkins B.C.<\/strong>, Ashe\u2010Jepson E., Basset Y., Arizala Cobo S., Eberhardt L., Freiberga I., &#8230; &amp; Bladon A.J. (2023): Thermoregulatory ability and mechanism do not differ consistently between neotropical and temperate butterflies. <em>Global Change Biology<\/em>, 29: 4180-4192. doi: 10.1111\/gcb.16797<\/p>\n\n\n\n<p><strong>Skoup\u00e1 K.<\/strong>, B\u00e1tik A., \u0160t\u2019astn\u00fd K., Sl\u00e1dek Z. (2023): Structural Changes in the Skeletal Muscle of Pigs after Long-Term Administration of Testosterone, Nandrolone and a Combination of the Two. <em>Animals<\/em>, 13: 2141. https:\/\/doi.org\/10.3390\/ani13132141<\/p>\n\n\n\n<p><strong>Veselsk\u00e1 T., \u0160vec K<\/strong>.,Kostov\u010d\u00edk M., Peral-Aranega E., Garcia-Fraile P., K\u0159\u00ed\u017ekov\u00e1 B., Havl\u00ed\u010dek V., Saati-Santamar\u00eda Z. &amp; Kola\u0159\u00edk M. (2023): Proportions of taxa belonging to the gut core microbiome change throughout the life cycle and season of the bark beetle <em>Ips typographus<\/em>. <em>FEMS Microbiology Ecology<\/em>, 99: 1\u201315. doi: 10.1093\/femsec\/fiad072<\/p>\n\n\n\n<p><\/p>\n","protected":false},"excerpt":{"rendered":"<p>Do jubilejn\u00edho des\u00e1t\u00e9ho ro\u010dn\u00edku Ceny Vojt\u011bcha Jaro\u0161\u00edka p\u0159ihl\u00e1sili studenti a studentky (nebo \u010derstv\u00ed absolventi) \u010desk\u00fdch a moravsk\u00fdch univerzit celkem 11 prac\u00ed, kter\u00e9 byly publikov\u00e1ny ve fin\u00e1ln\u00ed podob\u011b v roce 2023. Po\u010det p\u0159ihl\u00e1\u0161en\u00fdch prac\u00ed byl stejn\u00fd jako za&nbsp;rok 2022, stagnoval tedy na ni\u017e\u0161\u00ed hodnot\u011b oproti p\u0159edchoz\u00edm ro\u010dn\u00edk\u016fm. V&nbsp;sout\u011b\u017ei ale nejde o velikost pelotonu, ale o kvalitu [&hellip;]<\/p>\n","protected":false},"author":1,"featured_media":5776,"comment_status":"open","ping_status":"open","sticky":false,"template":"","format":"standard","meta":{"_uag_custom_page_level_css":"","footnotes":""},"categories":[1],"tags":[],"class_list":["post-5780","post","type-post","status-publish","format-standard","has-post-thumbnail","hentry","category-nezarazene"],"uagb_featured_image_src":{"full":["https:\/\/web.natur.cuni.cz\/ecology\/cenavj\/wp-content\/uploads\/2024\/12\/jec14029-toc-0001-m.jpg",661,577,false],"thumbnail":["https:\/\/web.natur.cuni.cz\/ecology\/cenavj\/wp-content\/uploads\/2024\/12\/jec14029-toc-0001-m-150x150.jpg",150,150,true],"medium":["https:\/\/web.natur.cuni.cz\/ecology\/cenavj\/wp-content\/uploads\/2024\/12\/jec14029-toc-0001-m-300x262.jpg",300,262,true],"medium_large":["https:\/\/web.natur.cuni.cz\/ecology\/cenavj\/wp-content\/uploads\/2024\/12\/jec14029-toc-0001-m.jpg",640,559,false],"large":["https:\/\/web.natur.cuni.cz\/ecology\/cenavj\/wp-content\/uploads\/2024\/12\/jec14029-toc-0001-m.jpg",640,559,false],"1536x1536":["https:\/\/web.natur.cuni.cz\/ecology\/cenavj\/wp-content\/uploads\/2024\/12\/jec14029-toc-0001-m.jpg",661,577,false],"2048x2048":["https:\/\/web.natur.cuni.cz\/ecology\/cenavj\/wp-content\/uploads\/2024\/12\/jec14029-toc-0001-m.jpg",661,577,false]},"uagb_author_info":{"display_name":"administrator","author_link":"https:\/\/web.natur.cuni.cz\/ecology\/cenavj\/author\/administrator\/"},"uagb_comment_info":0,"uagb_excerpt":"Do jubilejn\u00edho des\u00e1t\u00e9ho ro\u010dn\u00edku Ceny Vojt\u011bcha Jaro\u0161\u00edka p\u0159ihl\u00e1sili studenti a studentky (nebo \u010derstv\u00ed absolventi) \u010desk\u00fdch a moravsk\u00fdch univerzit celkem 11 prac\u00ed, kter\u00e9 byly publikov\u00e1ny ve fin\u00e1ln\u00ed podob\u011b v roce 2023. Po\u010det p\u0159ihl\u00e1\u0161en\u00fdch prac\u00ed byl stejn\u00fd jako za&nbsp;rok 2022, stagnoval tedy na ni\u017e\u0161\u00ed hodnot\u011b oproti p\u0159edchoz\u00edm ro\u010dn\u00edk\u016fm. V&nbsp;sout\u011b\u017ei ale nejde o velikost pelotonu, ale o kvalitu&hellip;","_links":{"self":[{"href":"https:\/\/web.natur.cuni.cz\/ecology\/cenavj\/wp-json\/wp\/v2\/posts\/5780"}],"collection":[{"href":"https:\/\/web.natur.cuni.cz\/ecology\/cenavj\/wp-json\/wp\/v2\/posts"}],"about":[{"href":"https:\/\/web.natur.cuni.cz\/ecology\/cenavj\/wp-json\/wp\/v2\/types\/post"}],"author":[{"embeddable":true,"href":"https:\/\/web.natur.cuni.cz\/ecology\/cenavj\/wp-json\/wp\/v2\/users\/1"}],"replies":[{"embeddable":true,"href":"https:\/\/web.natur.cuni.cz\/ecology\/cenavj\/wp-json\/wp\/v2\/comments?post=5780"}],"version-history":[{"count":2,"href":"https:\/\/web.natur.cuni.cz\/ecology\/cenavj\/wp-json\/wp\/v2\/posts\/5780\/revisions"}],"predecessor-version":[{"id":5782,"href":"https:\/\/web.natur.cuni.cz\/ecology\/cenavj\/wp-json\/wp\/v2\/posts\/5780\/revisions\/5782"}],"wp:featuredmedia":[{"embeddable":true,"href":"https:\/\/web.natur.cuni.cz\/ecology\/cenavj\/wp-json\/wp\/v2\/media\/5776"}],"wp:attachment":[{"href":"https:\/\/web.natur.cuni.cz\/ecology\/cenavj\/wp-json\/wp\/v2\/media?parent=5780"}],"wp:term":[{"taxonomy":"category","embeddable":true,"href":"https:\/\/web.natur.cuni.cz\/ecology\/cenavj\/wp-json\/wp\/v2\/categories?post=5780"},{"taxonomy":"post_tag","embeddable":true,"href":"https:\/\/web.natur.cuni.cz\/ecology\/cenavj\/wp-json\/wp\/v2\/tags?post=5780"}],"curies":[{"name":"wp","href":"https:\/\/api.w.org\/{rel}","templated":true}]}}